{"id":28,"__str__":"Projeto de Lei Complementar do Executivo n\u00ba 5 de 2018","link_detail_backend":"/materia/28","metadata":{},"numero":5,"ano":2018,"numero_protocolo":null,"data_apresentacao":"2018-02-19","tipo_apresentacao":"O","data_publicacao":"2018-02-20","numero_origem_externa":"","ano_origem_externa":null,"data_origem_externa":null,"apelido":"","dias_prazo":null,"data_fim_prazo":"2018-02-23","em_tramitacao":true,"polemica":null,"objeto":"","complementar":true,"ementa":"PROJETO DE LEI N\u00ba. 005/18, DE 19 DE FEVEREIRO DE 2018\r\n\u201cDISP\u00d5E SOBRE CONCESS\u00c3O DE SUBVEN\u00c7\u00c3O SOCIAL APAE - ASSOCIA\u00c7\u00c3O DE PAIS E AMIGOS DOS EXCEPCIONAIS DE JOS\u00c9 BONIF\u00c1CIO, E DAS OUTRAS PROVIDENCIAS\u201d.","indexacao":"","observacao":"","resultado":"","texto_original":"http://sapl.zacarias.sp.leg.br/media/sapl/public/materialegislativa/2018/28/projeto-de-lei-n-005-subvencao-apae.pdf","data_ultima_atualizacao":"2018-02-20T13:29:18.449712-03:00","ip":"","ultima_edicao":null,"tipo":6,"regime_tramitacao":1,"tipo_origem_externa":null,"local_origem_externa":null,"user":null,"anexadas":[],"autores":[]}